{"id":4346,"date":"2026-01-11T17:49:08","date_gmt":"2026-01-11T16:49:08","guid":{"rendered":"https:\/\/barycz.przemyska.pl\/?p=4346"},"modified":"2026-01-11T18:10:04","modified_gmt":"2026-01-11T17:10:04","slug":"11-stycznia-2026","status":"publish","type":"post","link":"https:\/\/barycz.przemyska.pl\/?p=4346","title":{"rendered":"11 stycznia 2026"},"content":{"rendered":"\n<div class=\"wp-block-group alignfull has-global-padding is-layout-constrained wp-container-core-group-is-layout-12243e0f wp-block-group-is-layout-constrained\">\n<div class=\"wp-block-columns alignwide is-style-default is-layout-flex wp-container-core-columns-is-layout-28f84493 wp-block-columns-is-layout-flex\">\n<div class=\"wp-block-column is-vertically-aligned-center has-global-padding is-content-justification-left is-layout-constrained wp-container-core-column-is-layout-12dd3699 wp-block-column-is-layout-constrained\">\n<h2 class=\"wp-block-heading is-style-default has-text-color has-link-color has-fira-code-font-family wp-elements-e4eafc56e7241b14a24fffebd3b38f5a\" style=\"color:#c30000;margin-top:var(--wp--preset--spacing--30);margin-bottom:0;font-style:italic;font-weight:700\"><strong>N<\/strong>iedziela<\/h2>\n\n\n\n<p class=\"has-text-color has-link-color has-fira-code-font-family has-small-font-size wp-elements-9310b4ec8287ded770db4126bf97134e\" style=\"color:#c30000;font-style:italic;font-weight:500\"><strong><strong><strong>CHRZEST PA\u0143SKI<\/strong><\/strong><\/strong><\/p>\n<\/div>\n\n\n\n<div class=\"wp-block-column is-layout-flow wp-block-column-is-layout-flow\"><h2 style=\"color:#c30000; font-style:italic;font-weight:600; margin-top:var(--wp--preset--spacing--40);margin-bottom:var(--wp--preset--spacing--40);\" class=\"has-text-align-right has-link-color wp-elements-aa93dd73ed44c6aae508bdf04f8ca87a wp-block-post-title has-text-color has-medium-font-size has-fira-code-font-family\">11 stycznia 2026<\/h2><\/div>\n<\/div>\n\n\n\n<hr class=\"wp-block-separator has-alpha-channel-opacity\"\/>\n\n\n\n<div class=\"wp-block-columns alignwide is-layout-flex wp-container-core-columns-is-layout-28f84493 wp-block-columns-is-layout-flex\">\n<div class=\"wp-block-column is-vertically-aligned-center is-layout-flow wp-block-column-is-layout-flow\" style=\"flex-basis:15%\">\n<p class=\"has-text-color has-link-color has-medium-font-size wp-elements-571bbc61e9565efea4ccecb0d46c2932\" style=\"color:#c30000;font-style:normal;font-weight:1000\"><strong>7:30<\/strong><\/p>\n<\/div>\n\n\n\n<div class=\"wp-block-column is-layout-flow wp-block-column-is-layout-flow\" style=\"flex-basis:85%\">\n<p class=\"has-medium-font-size\" style=\"font-style:italic;font-weight:500\">Za parafian<\/p>\n<\/div>\n<\/div>\n\n\n\n<hr class=\"wp-block-separator has-alpha-channel-opacity\"\/>\n\n\n\n<div class=\"wp-block-columns alignwide is-layout-flex wp-container-core-columns-is-layout-28f84493 wp-block-columns-is-layout-flex\">\n<div class=\"wp-block-column is-layout-flow wp-block-column-is-layout-flow\" style=\"flex-basis:15%\">\n<p class=\"has-text-color has-link-color has-medium-font-size wp-elements-bb15432ded708fe932f966658911f921\" style=\"color:#c30000;font-style:normal;font-weight:1000\"><strong>10:30<\/strong><\/p>\n<\/div>\n\n\n\n<div class=\"wp-block-column is-layout-flow wp-block-column-is-layout-flow\" style=\"flex-basis:85%\">\n<p class=\"has-medium-font-size\" style=\"margin-bottom:0;margin-left:0;font-style:italic;font-weight:500\">+Barbara Zab\u00f3j  &#8211; od mamy<\/p>\n<\/div>\n<\/div>\n\n\n\n<hr class=\"wp-block-separator alignwide has-alpha-channel-opacity\"\/>\n\n\n\n<div class=\"wp-block-columns alignwide is-layout-flex wp-container-core-columns-is-layout-e6f27d69 wp-block-columns-is-layout-flex\" style=\"padding-bottom:var(--wp--preset--spacing--30)\">\n<div class=\"wp-block-column is-layout-flow wp-block-column-is-layout-flow\" style=\"flex-basis:15%\">\n<p class=\"has-text-color has-link-color has-medium-font-size wp-elements-e6da2b6e14a9f803cbc6267d624142fe\" style=\"color:#c30000;font-style:normal;font-weight:1000\"><strong>16:00<\/strong><\/p>\n<\/div>\n\n\n\n<div class=\"wp-block-column is-layout-flow wp-block-column-is-layout-flow\" style=\"flex-basis:85%\">\n<p class=\"has-medium-font-size\" style=\"font-style:italic;font-weight:500\">Intencja znana Panu Bogu<\/p>\n<\/div>\n<\/div>\n<\/div>\n\n\n\n<p><\/p>\n","protected":false},"excerpt":{"rendered":"<p>Niedziela CHRZEST PA\u0143SKI 7:30 Za parafian 10:30 +Barbara Zab\u00f3j &#8211; od mamy 16:00 Intencja znana Panu Bogu<\/p>\n","protected":false},"author":2,"featured_media":0,"comment_status":"open","ping_status":"open","sticky":false,"template":"","format":"standard","meta":{"footnotes":""},"categories":[8],"tags":[],"class_list":["post-4346","post","type-post","status-publish","format-standard","hentry","category-intencje"],"yoast_head":"<!-- This site is optimized with the Yoast SEO plugin v27.4 - https:\/\/yoast.com\/product\/yoast-seo-wordpress\/ -->\n<title>11 stycznia 2026 - Parafia w Baryczy pw. \u015aw. J\u00f3zefa<\/title>\n<meta name=\"robots\" content=\"index, follow, max-snippet:-1, max-image-preview:large, max-video-preview:-1\" \/>\n<link rel=\"canonical\" href=\"https:\/\/barycz.przemyska.pl\/?p=4346\" \/>\n<meta property=\"og:locale\" content=\"pl_PL\" \/>\n<meta property=\"og:type\" content=\"article\" \/>\n<meta property=\"og:title\" content=\"11 stycznia 2026 - Parafia w Baryczy pw. \u015aw. J\u00f3zefa\" \/>\n<meta property=\"og:description\" content=\"Niedziela CHRZEST PA\u0143SKI 7:30 Za parafian 10:30 +Barbara Zab\u00f3j &#8211; od mamy 16:00 Intencja znana Panu Bogu\" \/>\n<meta property=\"og:url\" content=\"https:\/\/barycz.przemyska.pl\/?p=4346\" \/>\n<meta property=\"og:site_name\" content=\"Parafia w Baryczy pw. \u015aw. J\u00f3zefa\" \/>\n<meta property=\"article:published_time\" content=\"2026-01-11T16:49:08+00:00\" \/>\n<meta property=\"article:modified_time\" content=\"2026-01-11T17:10:04+00:00\" \/>\n<meta name=\"author\" content=\"barycz\" \/>\n<meta name=\"twitter:card\" content=\"summary_large_image\" \/>\n<meta name=\"twitter:label1\" content=\"Napisane przez\" \/>\n\t<meta name=\"twitter:data1\" content=\"barycz\" \/>\n<script type=\"application\/ld+json\" class=\"yoast-schema-graph\">{\"@context\":\"https:\\\/\\\/schema.org\",\"@graph\":[{\"@type\":\"Article\",\"@id\":\"https:\\\/\\\/barycz.przemyska.pl\\\/?p=4346#article\",\"isPartOf\":{\"@id\":\"https:\\\/\\\/barycz.przemyska.pl\\\/?p=4346\"},\"author\":{\"name\":\"barycz\",\"@id\":\"https:\\\/\\\/barycz.przemyska.pl\\\/#\\\/schema\\\/person\\\/9e84f35e035b61ea77858708b1d04fec\"},\"headline\":\"11 stycznia 2026\",\"datePublished\":\"2026-01-11T16:49:08+00:00\",\"dateModified\":\"2026-01-11T17:10:04+00:00\",\"mainEntityOfPage\":{\"@id\":\"https:\\\/\\\/barycz.przemyska.pl\\\/?p=4346\"},\"wordCount\":17,\"commentCount\":0,\"articleSection\":[\"Intencje\"],\"inLanguage\":\"pl-PL\"},{\"@type\":\"WebPage\",\"@id\":\"https:\\\/\\\/barycz.przemyska.pl\\\/?p=4346\",\"url\":\"https:\\\/\\\/barycz.przemyska.pl\\\/?p=4346\",\"name\":\"11 stycznia 2026 - Parafia w Baryczy pw. \u015aw. J\u00f3zefa\",\"isPartOf\":{\"@id\":\"https:\\\/\\\/barycz.przemyska.pl\\\/#website\"},\"datePublished\":\"2026-01-11T16:49:08+00:00\",\"dateModified\":\"2026-01-11T17:10:04+00:00\",\"author\":{\"@id\":\"https:\\\/\\\/barycz.przemyska.pl\\\/#\\\/schema\\\/person\\\/9e84f35e035b61ea77858708b1d04fec\"},\"breadcrumb\":{\"@id\":\"https:\\\/\\\/barycz.przemyska.pl\\\/?p=4346#breadcrumb\"},\"inLanguage\":\"pl-PL\",\"potentialAction\":[{\"@type\":\"ReadAction\",\"target\":[\"https:\\\/\\\/barycz.przemyska.pl\\\/?p=4346\"]}]},{\"@type\":\"BreadcrumbList\",\"@id\":\"https:\\\/\\\/barycz.przemyska.pl\\\/?p=4346#breadcrumb\",\"itemListElement\":[{\"@type\":\"ListItem\",\"position\":1,\"name\":\"Strona g\u0142\u00f3wna\",\"item\":\"https:\\\/\\\/barycz.przemyska.pl\\\/\"},{\"@type\":\"ListItem\",\"position\":2,\"name\":\"11 stycznia 2026\"}]},{\"@type\":\"WebSite\",\"@id\":\"https:\\\/\\\/barycz.przemyska.pl\\\/#website\",\"url\":\"https:\\\/\\\/barycz.przemyska.pl\\\/\",\"name\":\"Parafia w Baryczy pw. \u015aw. J\u00f3zefa\",\"description\":\"\",\"potentialAction\":[{\"@type\":\"SearchAction\",\"target\":{\"@type\":\"EntryPoint\",\"urlTemplate\":\"https:\\\/\\\/barycz.przemyska.pl\\\/?s={search_term_string}\"},\"query-input\":{\"@type\":\"PropertyValueSpecification\",\"valueRequired\":true,\"valueName\":\"search_term_string\"}}],\"inLanguage\":\"pl-PL\"},{\"@type\":\"Person\",\"@id\":\"https:\\\/\\\/barycz.przemyska.pl\\\/#\\\/schema\\\/person\\\/9e84f35e035b61ea77858708b1d04fec\",\"name\":\"barycz\",\"image\":{\"@type\":\"ImageObject\",\"inLanguage\":\"pl-PL\",\"@id\":\"https:\\\/\\\/secure.gravatar.com\\\/avatar\\\/130ae9e6972226362410e0c1b94fe0c4771c9c79ed4e05f1a52f6c8629be043a?s=96&d=mm&r=g\",\"url\":\"https:\\\/\\\/secure.gravatar.com\\\/avatar\\\/130ae9e6972226362410e0c1b94fe0c4771c9c79ed4e05f1a52f6c8629be043a?s=96&d=mm&r=g\",\"contentUrl\":\"https:\\\/\\\/secure.gravatar.com\\\/avatar\\\/130ae9e6972226362410e0c1b94fe0c4771c9c79ed4e05f1a52f6c8629be043a?s=96&d=mm&r=g\",\"caption\":\"barycz\"}}]}<\/script>\n<!-- \/ Yoast SEO plugin. -->","yoast_head_json":{"title":"11 stycznia 2026 - Parafia w Baryczy pw. \u015aw. J\u00f3zefa","robots":{"index":"index","follow":"follow","max-snippet":"max-snippet:-1","max-image-preview":"max-image-preview:large","max-video-preview":"max-video-preview:-1"},"canonical":"https:\/\/barycz.przemyska.pl\/?p=4346","og_locale":"pl_PL","og_type":"article","og_title":"11 stycznia 2026 - Parafia w Baryczy pw. \u015aw. J\u00f3zefa","og_description":"Niedziela CHRZEST PA\u0143SKI 7:30 Za parafian 10:30 +Barbara Zab\u00f3j &#8211; od mamy 16:00 Intencja znana Panu Bogu","og_url":"https:\/\/barycz.przemyska.pl\/?p=4346","og_site_name":"Parafia w Baryczy pw. \u015aw. J\u00f3zefa","article_published_time":"2026-01-11T16:49:08+00:00","article_modified_time":"2026-01-11T17:10:04+00:00","author":"barycz","twitter_card":"summary_large_image","twitter_misc":{"Napisane przez":"barycz"},"schema":{"@context":"https:\/\/schema.org","@graph":[{"@type":"Article","@id":"https:\/\/barycz.przemyska.pl\/?p=4346#article","isPartOf":{"@id":"https:\/\/barycz.przemyska.pl\/?p=4346"},"author":{"name":"barycz","@id":"https:\/\/barycz.przemyska.pl\/#\/schema\/person\/9e84f35e035b61ea77858708b1d04fec"},"headline":"11 stycznia 2026","datePublished":"2026-01-11T16:49:08+00:00","dateModified":"2026-01-11T17:10:04+00:00","mainEntityOfPage":{"@id":"https:\/\/barycz.przemyska.pl\/?p=4346"},"wordCount":17,"commentCount":0,"articleSection":["Intencje"],"inLanguage":"pl-PL"},{"@type":"WebPage","@id":"https:\/\/barycz.przemyska.pl\/?p=4346","url":"https:\/\/barycz.przemyska.pl\/?p=4346","name":"11 stycznia 2026 - Parafia w Baryczy pw. \u015aw. J\u00f3zefa","isPartOf":{"@id":"https:\/\/barycz.przemyska.pl\/#website"},"datePublished":"2026-01-11T16:49:08+00:00","dateModified":"2026-01-11T17:10:04+00:00","author":{"@id":"https:\/\/barycz.przemyska.pl\/#\/schema\/person\/9e84f35e035b61ea77858708b1d04fec"},"breadcrumb":{"@id":"https:\/\/barycz.przemyska.pl\/?p=4346#breadcrumb"},"inLanguage":"pl-PL","potentialAction":[{"@type":"ReadAction","target":["https:\/\/barycz.przemyska.pl\/?p=4346"]}]},{"@type":"BreadcrumbList","@id":"https:\/\/barycz.przemyska.pl\/?p=4346#breadcrumb","itemListElement":[{"@type":"ListItem","position":1,"name":"Strona g\u0142\u00f3wna","item":"https:\/\/barycz.przemyska.pl\/"},{"@type":"ListItem","position":2,"name":"11 stycznia 2026"}]},{"@type":"WebSite","@id":"https:\/\/barycz.przemyska.pl\/#website","url":"https:\/\/barycz.przemyska.pl\/","name":"Parafia w Baryczy pw. \u015aw. J\u00f3zefa","description":"","potentialAction":[{"@type":"SearchAction","target":{"@type":"EntryPoint","urlTemplate":"https:\/\/barycz.przemyska.pl\/?s={search_term_string}"},"query-input":{"@type":"PropertyValueSpecification","valueRequired":true,"valueName":"search_term_string"}}],"inLanguage":"pl-PL"},{"@type":"Person","@id":"https:\/\/barycz.przemyska.pl\/#\/schema\/person\/9e84f35e035b61ea77858708b1d04fec","name":"barycz","image":{"@type":"ImageObject","inLanguage":"pl-PL","@id":"https:\/\/secure.gravatar.com\/avatar\/130ae9e6972226362410e0c1b94fe0c4771c9c79ed4e05f1a52f6c8629be043a?s=96&d=mm&r=g","url":"https:\/\/secure.gravatar.com\/avatar\/130ae9e6972226362410e0c1b94fe0c4771c9c79ed4e05f1a52f6c8629be043a?s=96&d=mm&r=g","contentUrl":"https:\/\/secure.gravatar.com\/avatar\/130ae9e6972226362410e0c1b94fe0c4771c9c79ed4e05f1a52f6c8629be043a?s=96&d=mm&r=g","caption":"barycz"}}]}},"_links":{"self":[{"href":"https:\/\/barycz.przemyska.pl\/index.php?rest_route=\/wp\/v2\/posts\/4346","targetHints":{"allow":["GET"]}}],"collection":[{"href":"https:\/\/barycz.przemyska.pl\/index.php?rest_route=\/wp\/v2\/posts"}],"about":[{"href":"https:\/\/barycz.przemyska.pl\/index.php?rest_route=\/wp\/v2\/types\/post"}],"author":[{"embeddable":true,"href":"https:\/\/barycz.przemyska.pl\/index.php?rest_route=\/wp\/v2\/users\/2"}],"replies":[{"embeddable":true,"href":"https:\/\/barycz.przemyska.pl\/index.php?rest_route=%2Fwp%2Fv2%2Fcomments&post=4346"}],"version-history":[{"count":3,"href":"https:\/\/barycz.przemyska.pl\/index.php?rest_route=\/wp\/v2\/posts\/4346\/revisions"}],"predecessor-version":[{"id":4365,"href":"https:\/\/barycz.przemyska.pl\/index.php?rest_route=\/wp\/v2\/posts\/4346\/revisions\/4365"}],"wp:attachment":[{"href":"https:\/\/barycz.przemyska.pl\/index.php?rest_route=%2Fwp%2Fv2%2Fmedia&parent=4346"}],"wp:term":[{"taxonomy":"category","embeddable":true,"href":"https:\/\/barycz.przemyska.pl\/index.php?rest_route=%2Fwp%2Fv2%2Fcategories&post=4346"},{"taxonomy":"post_tag","embeddable":true,"href":"https:\/\/barycz.przemyska.pl\/index.php?rest_route=%2Fwp%2Fv2%2Ftags&post=4346"}],"curies":[{"name":"wp","href":"https:\/\/api.w.org\/{rel}","templated":true}]}}